{"id":2310,"date":"2020-05-21T13:44:28","date_gmt":"2020-05-21T17:44:28","guid":{"rendered":"http:\/\/colegionuevanazaret.cl\/colegiocristianopolivalente\/?p=2310"},"modified":"2020-05-21T13:45:40","modified_gmt":"2020-05-21T17:45:40","slug":"conmemoracion-del-combate-naval-de-iquique","status":"publish","type":"post","link":"https:\/\/colegionuevanazaret.cl\/colegiocristianopolivalente\/conmemoracion-del-combate-naval-de-iquique\/","title":{"rendered":"Conmemoraci\u00f3n del Combate naval de Iquique"},"content":{"rendered":"<p>Desde hace 141 a\u00f1os, <span style=\"font-size: medium;\">conmemoramos el Combate Naval de Iquique, desarrollado en uno de los principales escenarios de la Guerra del Pac\u00edfico: el mar. Fue el d\u00eda en que los hombres de la fr\u00e1gil Esmeralda, comandados por Arturo Prat, dieron su vida por una causa que les parec\u00eda justa y necesaria. Por esta raz\u00f3n durante el mes de mayo nuestro pa\u00eds rinde un homenaje a nuestro tesoro m\u00e1s apreciado: el mar chileno.<\/span><!--more--><\/p>\n<p>El combate naval de Iquique es uno de los principales choques armados de la Guerra del Pac\u00edfico (1879-1883). Ocurri\u00f3 el 21 de mayo de 1879 cuando los buques peruanos<strong>\u00a0\u201cHu\u00e1scar\u201d<\/strong> comandado por Miguel Grau y la <strong>\u201cIndependencia\u201d<\/strong> dirigida por Guillermo Moore, aparecieron frente al puerto de Iquique para romper el bloque impuesto por las naves chilenas <strong>\u201cEsmeralda\u201d<\/strong>\u00a0y <strong>\u201cCovadonga\u201d.<\/strong><\/p>\n<p>La \u201cEsmeralda\u201d y la \u201cCovadonga\u201d hab\u00edan bloqueado y bombardeado el puerto peruano durante varios d\u00edas. Pero \u00a0el 21 de mayo de 1879 llegaron los blindados peruanos y la \u201cCovadonga\u2019 huy\u00f3 hacia el sur, siendo perseguida por la \u201cIndependencia\u201d. Mientras tanto la \u201cEsmeralda\u201d que estaba averiada se qued\u00f3 y se enfrent\u00f3 al \u201cHu\u00e1scar\u201d.<\/p>\n<p>Al comienzo el \u201cHu\u00e1scar\u201d y la \u201cEsmeralda\u201d intercambiaron ca\u00f1onazos, pero despu\u00e9s la nave peruana hundi\u00f3 a la chilena con tres espolonazos. El capit\u00e1n chileno Arturo Prat muri\u00f3 en la cubierta del \u201cHu\u00e1scar\u201d al intentar el abordaje.<\/p>\n<p>Parec\u00eda un rotundo triunfo peruano, pero su buque \u201cIndependencia\u201d choc\u00f3 con una rocas submarinas y se hundi\u00f3 cuando persegu\u00eda a la \u201cCovadonga\u201d frente a Punta Gruesa.<\/p>\n<p>A continuaci\u00f3n puedes leer un c\u00f3mic que relata este hecho.<\/p>\n<a href=\"https:\/\/colegionuevanazaret.cl\/colegiocristianopolivalente\/wp-content\/uploads\/2020\/05\/Comic-combate-naval-de-iquique.pdf\" class=\"pdfemb-viewer\" style=\"\" data-width=\"max\" data-height=\"max\" data-toolbar=\"both\" data-toolbar-fixed=\"on\">Comic combate naval de iquique<\/a>\n","protected":false},"excerpt":{"rendered":"<p>Desde hace 141 a\u00f1os, conmemoramos el Combate Naval de Iquique, desarrollado en uno de los principales escenarios de la Guerra del Pac\u00edfico: el mar. Fue el d\u00eda en que los hombres de la fr\u00e1gil Esmeralda, comandados por Arturo Prat, dieron su vida por una causa que les parec\u00eda justa y necesaria. Por esta raz\u00f3n durante [&hellip;]<\/p>\n","protected":false},"author":1,"featured_media":2315,"comment_status":"closed","ping_status":"open","sticky":false,"template":"","format":"standard","meta":[],"categories":[1],"tags":[],"_links":{"self":[{"href":"https:\/\/colegionuevanazaret.cl\/colegiocristianopolivalente\/wp-json\/wp\/v2\/posts\/2310"}],"collection":[{"href":"https:\/\/colegionuevanazaret.cl\/colegiocristianopolivalente\/wp-json\/wp\/v2\/posts"}],"about":[{"href":"https:\/\/colegionuevanazaret.cl\/colegiocristianopolivalente\/wp-json\/wp\/v2\/types\/post"}],"author":[{"embeddable":true,"href":"https:\/\/colegionuevanazaret.cl\/colegiocristianopolivalente\/wp-json\/wp\/v2\/users\/1"}],"replies":[{"embeddable":true,"href":"https:\/\/colegionuevanazaret.cl\/colegiocristianopolivalente\/wp-json\/wp\/v2\/comments?post=2310"}],"version-history":[{"count":3,"href":"https:\/\/colegionuevanazaret.cl\/colegiocristianopolivalente\/wp-json\/wp\/v2\/posts\/2310\/revisions"}],"predecessor-version":[{"id":2314,"href":"https:\/\/colegionuevanazaret.cl\/colegiocristianopolivalente\/wp-json\/wp\/v2\/posts\/2310\/revisions\/2314"}],"wp:featuredmedia":[{"embeddable":true,"href":"https:\/\/colegionuevanazaret.cl\/colegiocristianopolivalente\/wp-json\/wp\/v2\/media\/2315"}],"wp:attachment":[{"href":"https:\/\/colegionuevanazaret.cl\/colegiocristianopolivalente\/wp-json\/wp\/v2\/media?parent=2310"}],"wp:term":[{"taxonomy":"category","embeddable":true,"href":"https:\/\/colegionuevanazaret.cl\/colegiocristianopolivalente\/wp-json\/wp\/v2\/categories?post=2310"},{"taxonomy":"post_tag","embeddable":true,"href":"https:\/\/colegionuevanazaret.cl\/colegiocristianopolivalente\/wp-json\/wp\/v2\/tags?post=2310"}],"curies":[{"name":"wp","href":"https:\/\/api.w.org\/{rel}","templated":true}]}}